{"id":10348,"date":"2023-02-02T08:32:32","date_gmt":"2023-02-02T07:32:32","guid":{"rendered":"https:\/\/han-online.com\/panoptikum-2023-trade-fair-in-vienna\/"},"modified":"2026-04-28T20:05:19","modified_gmt":"2026-04-28T18:05:19","slug":"panoptikum-2023-trade-fair-in-vienna","status":"publish","type":"post","link":"https:\/\/han-online.com\/en\/panoptikum-2023-trade-fair-in-vienna\/","title":{"rendered":"Panoptikum 2023 trade fair in Vienna"},"content":{"rendered":"<p>[et_pb_section fb_built=&#8221;1&#8243; custom_padding_last_edited=&#8221;on|tablet&#8221; admin_label=&#8221;1. Sektion der Seite&#8221; _builder_version=&#8221;4.17.4&#8243; _module_preset=&#8221;default&#8221; module_alignment=&#8221;center&#8221; custom_margin=&#8221;0px||0px||false|false&#8221; custom_padding=&#8221;0px||25px||false|false&#8221; custom_padding_tablet=&#8221;||12px||false|false&#8221; custom_padding_phone=&#8221;||12px||false|false&#8221; global_colors_info=&#8221;{}&#8221;][et_pb_row admin_label=&#8221;Breadcrumb line&#8221; _builder_version=&#8221;4.16.0&#8243; _module_preset=&#8221;default&#8221; width=&#8221;90%&#8221; saved_tabs=&#8221;all&#8221; collapsed=&#8221;off&#8221; global_colors_info=&#8221;{}&#8221;][et_pb_column type=&#8221;4_4&#8243; _builder_version=&#8221;4.16.0&#8243; _module_preset=&#8221;default&#8221; global_colors_info=&#8221;{}&#8221;][et_pb_code admin_label=&#8221;Breadcrumps&#8221; _builder_version=&#8221;4.19.4&#8243; _module_preset=&#8221;default&#8221; custom_css_main_element=&#8221; color: #d6d6d6;||font-size:18px;||line-height:1em;||||&#8221; global_colors_info=&#8221;{}&#8221;]<nav class=\"woocommerce-breadcrumb\" aria-label=\"Breadcrumb\">Home<\/nav>[\/et_pb_code][\/et_pb_column][\/et_pb_row][et_pb_row custom_padding_last_edited=&#8221;on|tablet&#8221; admin_label=&#8221;Post title&#8221; _builder_version=&#8221;4.19.4&#8243; _module_preset=&#8221;default&#8221; width_tablet=&#8221;80%&#8221; width_phone=&#8221;90%&#8221; width_last_edited=&#8221;on|phone&#8221; module_alignment=&#8221;center&#8221; custom_margin=&#8221;0px||0px||false|false&#8221; custom_padding=&#8221;50px||50px||false|false&#8221; custom_padding_tablet=&#8221;25px||25px||false|false&#8221; custom_padding_phone=&#8221;25px||25px||false|false&#8221; collapsed=&#8221;on&#8221; global_colors_info=&#8221;{}&#8221;][et_pb_column type=&#8221;4_4&#8243; _builder_version=&#8221;4.17.4&#8243; _module_preset=&#8221;default&#8221; global_colors_info=&#8221;{}&#8221;][et_pb_text admin_label=&#8221;Seitentitel (Automatisch)&#8221; _builder_version=&#8221;4.19.4&#8243; _module_preset=&#8221;default&#8221; text_font=&#8221;MyriadProReg||||||||&#8221; header_font=&#8221;MyriadPro-Light|||on|||||&#8221; header_text_align=&#8221;left&#8221; header_text_color=&#8221;#1A1A1A&#8221; header_font_size=&#8221;50px&#8221; header_line_height=&#8221;1.5em&#8221; header_2_font=&#8221;MyriadPro-Light|||on|||||&#8221; header_2_text_align=&#8221;left&#8221; header_2_text_color=&#8221;#1A1A1A&#8221; header_2_font_size=&#8221;40px&#8221; header_2_line_height=&#8221;1.3em&#8221; header_3_font=&#8221;MyriadPro-Light|||on|||||&#8221; header_3_text_align=&#8221;left&#8221; header_3_text_color=&#8221;#1A1A1A&#8221; header_3_font_size=&#8221;40px&#8221; header_3_line_height=&#8221;1.3em&#8221; header_4_font=&#8221;MyriadPro-Light||||||||&#8221; header_4_text_align=&#8221;left&#8221; header_4_text_color=&#8221;#1A1A1A&#8221; header_4_font_size=&#8221;24px&#8221; header_4_line_height=&#8221;1.4em&#8221; custom_margin=&#8221;0px||0px||false|false&#8221; custom_padding=&#8221;0px||0px||false|false&#8221; text_font_size_tablet=&#8221;&#8221; text_font_size_phone=&#8221;&#8221; text_font_size_last_edited=&#8221;on|phone&#8221; header_font_size_tablet=&#8221;45px&#8221; header_font_size_phone=&#8221;32px&#8221; header_font_size_last_edited=&#8221;on|phone&#8221; header_2_font_size_tablet=&#8221;35px&#8221; header_2_font_size_phone=&#8221;32px&#8221; header_2_font_size_last_edited=&#8221;on|phone&#8221; header_3_font_size_tablet=&#8221;35px&#8221; header_3_font_size_phone=&#8221;32px&#8221; header_3_font_size_last_edited=&#8221;on|phone&#8221; header_4_font_size_tablet=&#8221;20px&#8221; header_4_font_size_phone=&#8221;16px&#8221; header_4_font_size_last_edited=&#8221;on|phone&#8221; global_colors_info=&#8221;{}&#8221;]<\/p>\n<h1>Panoptikum 2023 trade fair in Vienna<\/h1>\n<p>[\/et_pb_text][et_pb_text admin_label=&#8221;Subheadline (Automatisch)&#8221; _builder_version=&#8221;4.19.4&#8243; _module_preset=&#8221;default&#8221; text_font=&#8221;MyriadProReg||||||||&#8221; header_font=&#8221;MyriadPro-Light|||on|||||&#8221; header_text_align=&#8221;left&#8221; header_text_color=&#8221;#1A1A1A&#8221; header_font_size=&#8221;50px&#8221; header_line_height=&#8221;1.5em&#8221; header_2_font=&#8221;MyriadPro-Light|||on|||||&#8221; header_2_text_align=&#8221;left&#8221; header_2_text_color=&#8221;#1A1A1A&#8221; header_2_font_size=&#8221;40px&#8221; header_2_line_height=&#8221;1.3em&#8221; header_3_font=&#8221;MyriadPro-Light|||on|||||&#8221; header_3_text_align=&#8221;left&#8221; header_3_text_color=&#8221;#1A1A1A&#8221; header_3_font_size=&#8221;40px&#8221; header_3_line_height=&#8221;1.3em&#8221; header_4_font=&#8221;MyriadPro-Light||||||||&#8221; header_4_text_align=&#8221;left&#8221; header_4_text_color=&#8221;#1A1A1A&#8221; header_4_font_size=&#8221;24px&#8221; header_4_line_height=&#8221;1.4em&#8221; custom_margin=&#8221;0px||0px||false|false&#8221; custom_padding=&#8221;0px||0px||false|false&#8221; text_font_size_tablet=&#8221;&#8221; text_font_size_phone=&#8221;&#8221; text_font_size_last_edited=&#8221;on|phone&#8221; header_font_size_tablet=&#8221;45px&#8221; header_font_size_phone=&#8221;32px&#8221; header_font_size_last_edited=&#8221;on|phone&#8221; header_2_font_size_tablet=&#8221;35px&#8221; header_2_font_size_phone=&#8221;32px&#8221; header_2_font_size_last_edited=&#8221;on|phone&#8221; header_3_font_size_tablet=&#8221;35px&#8221; header_3_font_size_phone=&#8221;32px&#8221; header_3_font_size_last_edited=&#8221;on|phone&#8221; header_4_font_size_tablet=&#8221;20px&#8221; header_4_font_size_phone=&#8221;16px&#8221; header_4_font_size_last_edited=&#8221;on|phone&#8221; global_colors_info=&#8221;{}&#8221;]<\/p>\n<h2>Finally back at the trade fair\u2026<\/h2>\n<p>[\/et_pb_text][\/et_pb_column][\/et_pb_row][et_pb_row column_structure=&#8221;1_2,1_2&#8243; use_custom_gutter=&#8221;on&#8221; gutter_width=&#8221;3&#8243; custom_padding_last_edited=&#8221;on|tablet&#8221; admin_label=&#8221;Page header&#8221; _builder_version=&#8221;4.19.4&#8243; _module_preset=&#8221;default&#8221; width_tablet=&#8221;80%&#8221; width_phone=&#8221;90%&#8221; width_last_edited=&#8221;on|phone&#8221; module_alignment=&#8221;center&#8221; custom_margin=&#8221;0px||0px||false|false&#8221; custom_padding=&#8221;50px||50px||false|false&#8221; custom_padding_tablet=&#8221;25px||25px||false|false&#8221; custom_padding_phone=&#8221;25px||25px||false|false&#8221; hover_enabled=&#8221;0&#8243; global_colors_info=&#8221;{}&#8221; sticky_enabled=&#8221;0&#8243;][et_pb_column type=&#8221;1_2&#8243; _builder_version=&#8221;4.17.4&#8243; _module_preset=&#8221;default&#8221; global_colors_info=&#8221;{}&#8221;][et_pb_text admin_label=&#8221;Beitragstext&#8221; _builder_version=&#8221;4.19.4&#8243; _module_preset=&#8221;default&#8221; text_font=&#8221;MyriadPro-Regular||||||||&#8221; header_font=&#8221;MyriadPro-Light|||on|||||&#8221; header_text_align=&#8221;left&#8221; header_text_color=&#8221;#1A1A1A&#8221; header_font_size=&#8221;50px&#8221; header_line_height=&#8221;1.5em&#8221; header_2_font=&#8221;MyriadPro-Light|||on|||||&#8221; header_2_text_align=&#8221;left&#8221; header_2_text_color=&#8221;#1A1A1A&#8221; header_2_font_size=&#8221;40px&#8221; header_2_line_height=&#8221;1.3em&#8221; header_3_font=&#8221;MyriadPro-Light|||on|||||&#8221; header_3_text_align=&#8221;left&#8221; header_3_text_color=&#8221;#1A1A1A&#8221; header_3_font_size=&#8221;40px&#8221; header_3_line_height=&#8221;1.3em&#8221; header_4_font=&#8221;MyriadPro-Light||||||||&#8221; header_4_text_align=&#8221;left&#8221; header_4_text_color=&#8221;#1A1A1A&#8221; header_4_font_size=&#8221;24px&#8221; header_4_line_height=&#8221;1.4em&#8221; custom_margin=&#8221;0px||0px||false|false&#8221; custom_padding=&#8221;0px||0px||false|false&#8221; text_font_size_tablet=&#8221;&#8221; text_font_size_phone=&#8221;&#8221; text_font_size_last_edited=&#8221;on|phone&#8221; header_font_size_tablet=&#8221;45px&#8221; header_font_size_phone=&#8221;32px&#8221; header_font_size_last_edited=&#8221;on|phone&#8221; header_2_font_size_tablet=&#8221;35px&#8221; header_2_font_size_phone=&#8221;32px&#8221; header_2_font_size_last_edited=&#8221;on|phone&#8221; header_3_font_size_tablet=&#8221;35px&#8221; header_3_font_size_phone=&#8221;32px&#8221; header_3_font_size_last_edited=&#8221;on|phone&#8221; header_4_font_size_tablet=&#8221;20px&#8221; header_4_font_size_phone=&#8221;16px&#8221; header_4_font_size_last_edited=&#8221;on|phone&#8221; global_colors_info=&#8221;{}&#8221;]<\/p>\n<p>We are looking forward to an exciting time at the trade fair with interesting contacts and products around the topic of office supplies. A total of over 50 exhibitors are expected to attend the trade fair in Vienna to present their most exciting and innovative products there. . In addition to office supplies, hygiene products, the topic of ergonomics at the workplace and advertising materials will also be given a stage.<\/p>\n<p>Especially on the topic of sustainability, we are pleased to be one of the few companies in the stationery sector from Germany to present our KARMA range in Vienna, which has been certified with the Austrian Ecolabel.<\/p>\n<p><b>When: Thursday, 23 March 2023<\/b><br \/>from 9 am to 6 pm<br \/><b>Where: Colosseum 21, Hall Palladion XXI<\/b><br \/>Sebastian-Kohl-Gasse 3-9, 1210 Vienna<\/p>\n<p>[\/et_pb_text][et_pb_code admin_label=&#8221;Button (Automatic)&#8221; _builder_version=&#8221;4.19.4&#8243; _dynamic_attributes=&#8221;link_option_url&#8221; _module_preset=&#8221;default&#8221; positioning=&#8221;relative&#8221; position_origin_a=&#8221;bottom_left&#8221; position_origin_a_tablet=&#8221;bottom_left&#8221; position_origin_a_phone=&#8221;bottom_left&#8221; position_origin_a_last_edited=&#8221;on|tablet&#8221; position_origin_f_tablet=&#8221;&#8221; position_origin_f_phone=&#8221;&#8221; position_origin_f_last_edited=&#8221;on|tablet&#8221; position_origin_r_tablet=&#8221;&#8221; position_origin_r_phone=&#8221;&#8221; position_origin_r_last_edited=&#8221;on|tablet&#8221; width=&#8221;100%&#8221; link_option_url=&#8221;@ET-DC@eyJkeW5hbWljIjp0cnVlLCJjb250ZW50IjoicG9zdF9saW5rX3VybF9hdHRhY2htZW50Iiwic2V0dGluZ3MiOnsicG9zdF9pZCI6IjgwNTA4MSJ9fQ==@&#8221; positioning_tablet=&#8221;none&#8221; positioning_phone=&#8221;none&#8221; positioning_last_edited=&#8221;on|desktop&#8221; global_colors_info=&#8221;{}&#8221;]<!-- [et_pb_line_break_holder] --><!\u2013- [et_pb_br_holder] -\u2013><!-- [et_pb_line_break_holder] -->[\/et_pb_code][\/et_pb_column][et_pb_column type=&#8221;1_2&#8243; _builder_version=&#8221;4.17.4&#8243; _module_preset=&#8221;default&#8221; global_colors_info=&#8221;{}&#8221;][et_pb_image src=&#8221;https:\/\/han-online.com\/wp-content\/uploads\/2023\/02\/Panaptikum_qud.jpg&#8221; title_text=&#8221;Panaptikum_qud&#8221; admin_label=&#8221;Bild (Automatisch)&#8221; _builder_version=&#8221;4.19.4&#8243; _module_preset=&#8221;default&#8221; global_colors_info=&#8221;{}&#8221;][\/et_pb_image][\/et_pb_column][\/et_pb_row][\/et_pb_section]<\/p>\n","protected":false},"excerpt":{"rendered":"<p>We are looking forward to a great time with our partners and customers in Austria.<\/p>\n","protected":false},"author":8,"featured_media":8268,"comment_status":"closed","ping_status":"closed","sticky":false,"template":"","format":"standard","meta":{"_et_pb_use_builder":"on","_et_pb_old_content":"<p>Wir freuen uns auf eine spannende Messezeit mit interessanten Kontakten und Produkten rund um das Thema B\u00fcrobedarf. Insgesamt werden \u00fcber 50 Aussteller zu der Fachmesse in Wien erwartet, um ihre spannendsten und innovativsten Produkte dort zu pr\u00e4sentieren. Neben B\u00fcrobedarf sollen auch Hygieneartikel, das Thema Ergonomie am Arbeitsplatz und Werbemittel eine B\u00fchne bekommen.<\/p><p>Insbesondere beim Thema Nachhaltigkeit freuen wir uns, als eines der wenigen Unternehmen der PBS-Branche aus Deutschland, unsere mit dem \u00d6sterreichischen Umweltzeichen zertifizierte KARMA-Reihe in Wien vorzustellen.<\/p><p><b>Wann:<\/b>\u00a0Donnerstag, 23. M\u00e4rz\u00a02023, von 9.00 bis 18.00 Uhr<br \/><b>Wo:<\/b>\u00a0Colosseum 21, Halle Palladion XXI<br \/>Sebastian-Kohl-Gasse 3-9, 1210 Wien<\/p>","_et_gb_content_width":"","footnotes":""},"categories":[135,546],"tags":[],"class_list":["post-10348","post","type-post","status-publish","format-standard","has-post-thumbnail","hentry","category-fair-events","category-news-en"],"_links":{"self":[{"href":"https:\/\/han-online.com\/en\/wp-json\/wp\/v2\/posts\/10348","targetHints":{"allow":["GET"]}}],"collection":[{"href":"https:\/\/han-online.com\/en\/wp-json\/wp\/v2\/posts"}],"about":[{"href":"https:\/\/han-online.com\/en\/wp-json\/wp\/v2\/types\/post"}],"author":[{"embeddable":true,"href":"https:\/\/han-online.com\/en\/wp-json\/wp\/v2\/users\/8"}],"replies":[{"embeddable":true,"href":"https:\/\/han-online.com\/en\/wp-json\/wp\/v2\/comments?post=10348"}],"version-history":[{"count":1,"href":"https:\/\/han-online.com\/en\/wp-json\/wp\/v2\/posts\/10348\/revisions"}],"predecessor-version":[{"id":18950,"href":"https:\/\/han-online.com\/en\/wp-json\/wp\/v2\/posts\/10348\/revisions\/18950"}],"wp:featuredmedia":[{"embeddable":true,"href":"https:\/\/han-online.com\/en\/wp-json\/wp\/v2\/media\/8268"}],"wp:attachment":[{"href":"https:\/\/han-online.com\/en\/wp-json\/wp\/v2\/media?parent=10348"}],"wp:term":[{"taxonomy":"category","embeddable":true,"href":"https:\/\/han-online.com\/en\/wp-json\/wp\/v2\/categories?post=10348"},{"taxonomy":"post_tag","embeddable":true,"href":"https:\/\/han-online.com\/en\/wp-json\/wp\/v2\/tags?post=10348"}],"curies":[{"name":"wp","href":"https:\/\/api.w.org\/{rel}","templated":true}]}}